{"id":7990,"date":"2025-04-28T21:30:24","date_gmt":"2025-04-28T19:30:24","guid":{"rendered":"https:\/\/beeward.buzz\/?p=7990"},"modified":"2025-04-30T07:26:47","modified_gmt":"2025-04-30T05:26:47","slug":"twoi-koledzy-nadal-sa-zainteresowani-twoja-praca-ale-niekoniecznie-w-sposob-ktory-lubisz","status":"publish","type":"post","link":"https:\/\/beeward.buzz\/pl\/blog\/a-kollegaid-mar-epitik-a-munkaltatoi-markadat-csak-nem-biztos-hogy-ugy-ahogy-szeretned\/","title":{"rendered":"Twoi wsp\u00f3\u0142pracownicy ju\u017c buduj\u0105 Twoj\u0105 mark\u0119 pracodawcy - tylko nie w taki spos\u00f3b, w jaki by\u015b sobie tego \u017cyczy\u0142."},"content":{"rendered":"<h2 class=\"wp-block-heading\">Dlaczego marka pracodawcy nie jest (tylko) zadaniem HR?<\/h2>\n\n\n\n<p>Jako mened\u017cerowie cz\u0119sto my\u015blimy o employer brandingu jako o kampanii HR, kt\u00f3ra pojawia si\u0119 w sezonie wakat\u00f3w. Ale w rzeczywisto\u015bci <strong>Jest to kwestia strategiczna<\/strong>, o czym decyduje nasze codzienne zarz\u0105dzanie, a nie materia\u0142y marketingowe.<br><\/p>\n\n\n\n<blockquote class=\"wp-block-quote is-layout-flow wp-block-quote-is-layout-flow\">\n<p><em>\u201cNie musisz ju\u017c rekrutowa\u0107 dobrych ludzi - musisz ich zatrzyma\u0107. <\/em><br><em>Potem przynios\u0105 nowe\u201d.\u201d<\/em><\/p>\n<\/blockquote>\n\n\n\n<h3 class=\"wp-block-heading\"><strong>Dlaczego warto zwraca\u0107 na to uwag\u0119?<\/strong><\/h3>\n\n\n\n<ul class=\"wp-block-list\">\n<li>Poniewa\u017c twoi koledzy <strong>sp\u0119dzaj\u0105 z tob\u0105 po\u0142ow\u0119 swoich godzin czuwania.<\/strong><\/li>\n\n\n\n<li>Poniewa\u017c <strong>Dobre do\u015bwiadczenie zawodowe jest najsilniejsz\u0105 rekomendacj\u0105.<\/strong><\/li>\n\n\n\n<li>Poniewa\u017c <strong>retencja jest zawsze ta\u0144sza ni\u017c rekrutacja.<\/strong><\/li>\n\n\n\n<li>Poniewa\u017c koledzy <strong>pod\u0105\u017caj\u0105 za przyw\u00f3dztwem, a nie za korporacyjnymi sloganami.<\/strong><\/li>\n<\/ul>\n\n\n\n<h2 class=\"wp-block-heading\"><strong>\u2728 Do\u015bwiadczenie pracownik\u00f3w to nowy employer branding<\/strong><\/h2>\n\n\n\n<p><strong>Twoja wizja nie ma znaczenia, je\u015bli Tw\u00f3j zesp\u00f3\u0142 jej nie czuje<\/strong>. Warto\u015bci mo\u017cna wypisa\u0107 na \u015bcianie, ale je\u015bli nie znajduj\u0105 one odzwierciedlenia w decyzjach, w codziennych dzia\u0142aniach, nie s\u0105 warto\u015bciami - s\u0105 dekoracj\u0105.<\/p>\n\n\n\n<pre class=\"wp-block-preformatted\"><strong>Zadaj sobie pytanie:<\/strong><br><em>Czy m\u00f3j zesp\u00f3\u0142 poleci\u0142by t\u0119 prac\u0119 znajomemu?<br><\/em>Je\u015bli nie, to nie kampania wymaga przemy\u015blenia, ale codzienne zarz\u0105dzanie.<\/pre>\n\n\n\n<h2 class=\"wp-block-heading\"><strong>\ud83d\udee0\ufe0f 4 konkretne kroki dla lider\u00f3w, aby uczyni\u0107 mark\u0119 dobr\u0105 nie tylko dla \u015bwiata zewn\u0119trznego<\/strong><\/h2>\n\n\n\n<h3 class=\"wp-block-heading\"><strong>1. B\u0105d\u017a obecny - nie tylko na spotkaniach statusowych<\/strong><\/h3>\n\n\n\n<ul class=\"wp-block-list\">\n<li>Organizuj cotygodniowe 10-minutowe \u201eludzkie\u201d odprawy: <em>Jak si\u0119 masz?<\/em><\/li>\n\n\n\n<li>Reaguj na wyniki - liczy si\u0119 poklepanie po plecach.<\/li>\n\n\n\n<li>Pytaj, nie tylko m\u00f3w.<br><\/li>\n<\/ul>\n\n\n\n<h3 class=\"wp-block-heading\"><strong>2. mie\u0107 prawdziw\u0105 kultur\u0119 informacji zwrotnej<\/strong><\/h3>\n\n\n\n<ul class=\"wp-block-list\">\n<li>Pro\u015b o informacje zwrotne na temat w\u0142asnej dzia\u0142alno\u015bci (i naprawd\u0119 ich s\u0142uchaj).<\/li>\n\n\n\n<li>Doceniaj ma\u0142e rzeczy - sukces to nie tylko roczne cele.<\/li>\n<\/ul>\n\n\n\n<pre class=\"wp-block-preformatted\"><em>Wskaz\u00f3wka Beeward:<\/em> Je\u015bli system peer-to-peer wspiera r\u00f3wnie\u017c rozpoznawanie, wp\u0142yw b\u0119dzie jeszcze silniejszy.<\/pre>\n\n\n\n<h3 class=\"wp-block-heading\"><strong>3. przejrzysto\u015b\u0107 cel\u00f3w i decyzji<\/strong><\/h3>\n\n\n\n<ul class=\"wp-block-list\">\n<li>Nie b\u00f3j si\u0119 nadawa\u0107 kierunku - niepewno\u015b\u0107 to najwi\u0119kszy stres.<\/li>\n\n\n\n<li>Zaanga\u017cuj si\u0119 tam, gdzie mo\u017cesz - to nie jest s\u0142abo\u015b\u0107, je\u015bli decydujecie razem.<\/li>\n<\/ul>\n\n\n\n<h3 class=\"wp-block-heading\"><strong>4. nie przyjmuj tylko rekomendacji - popro\u015b o nie<\/strong><\/h3>\n\n\n\n<ul class=\"wp-block-list\">\n<li>Komunikacja: <em>\u201eLubimy przyprowadza\u0107 tu nowych ludzi\u201d<\/em> - kszta\u0142tuje kultur\u0119.<\/li>\n\n\n\n<li>Nagradzaj nie tylko pieni\u0119dzmi, ale tak\u017ce podzi\u0119kowaniami i uznaniem.<\/li>\n<\/ul>\n\n\n\n<div style=\"height:32px\" aria-hidden=\"true\" class=\"wp-block-spacer\"><\/div>\n\n\n\n<figure class=\"wp-block-pullquote\"><blockquote><p><strong>Przypomnienie<\/strong><br><strong>Pracownik pe\u0142noetatowy pracuje oko\u0142o 1 800 godzin rocznie.<br><\/strong>Chodzi o czas, jaki sp\u0119dzaj\u0105 na czuwaniu. <strong>45-50%-a<\/strong>.<br>Je\u015bli to jest ten czas <em>dobry<\/em>, nie musisz reklamowa\u0107 swojej firmy - <strong>reklama dla Ciebie.<br><\/strong>Je\u015bli nie jest dobry, nie musi by\u0107 reklamowany -. <strong>powiedz\u0105 r\u00f3wnie\u017c.<\/strong><\/p><\/blockquote><\/figure>\n\n\n\n<p><\/p>\n\n\n\n<h2 class=\"wp-block-heading\"><strong>\ud83d\udc1d Jako lider jeste\u015b tw\u00f3rc\u0105 kultury.<\/strong>!<\/h2>\n\n\n\n<p>Filozofi\u0105 Beeward jest to, \u017ce employer branding nie jest kampani\u0105, ale strategi\u0105. <strong>codzienne do\u015bwiadczenie<\/strong>. I nie chodzi tylko o HR, ale o to, w jaki spos\u00f3b <strong>prowadzisz<\/strong>.<\/p>\n\n\n\n<blockquote class=\"wp-block-quote is-layout-flow wp-block-quote-is-layout-flow\">\n<p>Zr\u00f3b dzi\u015b jeden ma\u0142y krok - podzi\u0119kuj komu\u015b za dobrze wykonan\u0105 prac\u0119.<br>Jutro zapytaj go, czego potrzebuje.<br>Pojutrze b\u0119dzie poleca\u0142 wasz\u0105 firm\u0119.<\/p>\n<\/blockquote>","protected":false},"excerpt":{"rendered":"<p>Liczy si\u0119 to, co o Tobie m\u00f3wi\u0105. Poka\u017cemy Ci, jak budowa\u0107 od wewn\u0105trz.<\/p>","protected":false},"author":3,"featured_media":7993,"comment_status":"closed","ping_status":"closed","sticky":false,"template":"","format":"standard","meta":{"footnotes":""},"categories":[80,74,76],"tags":[117,114,116,107],"class_list":["post-7990","post","type-post","status-publish","format-standard","has-post-thumbnail","hentry","category-elkotelezodes","category-motivacio","category-munkaltatoi-marka","tag-edukacio","tag-employer-branding","tag-munkaltatoi-marka","tag-vezetes"],"yoast_head":"<!-- This site is optimized with the Yoast SEO plugin v27.3 - https:\/\/yoast.com\/product\/yoast-seo-wordpress\/ -->\n<title>A koll\u00e9g\u00e1id m\u00e1r \u00e9p\u00edtik a munk\u00e1ltat\u00f3i m\u00e1rk\u00e1dat \u2013 csak nem biztos, hogy \u00fagy, ahogy szeretn\u00e9d - Beeward<\/title>\n<meta name=\"description\" content=\"A munk\u00e1ltat\u00f3i m\u00e1rka nem kamp\u00e1ny k\u00e9rd\u00e9se. A koll\u00e9g\u00e1id minden nap \u00e9p\u00edtik \u2013 vagy rombolj\u00e1k. N\u00e9zd meg, hogyan alak\u00edthatod j\u00f3l, bel\u00fclr\u0151l kifel\u00e9!\" \/>\n<meta name=\"robots\" content=\"index, follow, max-snippet:-1, max-image-preview:large, max-video-preview:-1\" \/>\n<link rel=\"canonical\" href=\"https:\/\/beeward.buzz\/pl\/blog\/twoi-koledzy-nadal-sa-zainteresowani-twoja-praca-ale-niekoniecznie-w-sposob-ktory-lubisz\/\" \/>\n<meta property=\"og:locale\" content=\"pl_PL\" \/>\n<meta property=\"og:type\" content=\"article\" \/>\n<meta property=\"og:title\" content=\"A koll\u00e9g\u00e1id m\u00e1r \u00e9p\u00edtik a munk\u00e1ltat\u00f3i m\u00e1rk\u00e1dat \u2013 csak nem biztos, hogy \u00fagy, ahogy szeretn\u00e9d - Beeward\" \/>\n<meta property=\"og:description\" content=\"A munk\u00e1ltat\u00f3i m\u00e1rka nem kamp\u00e1ny k\u00e9rd\u00e9se. A koll\u00e9g\u00e1id minden nap \u00e9p\u00edtik \u2013 vagy rombolj\u00e1k. N\u00e9zd meg, hogyan alak\u00edthatod j\u00f3l, bel\u00fclr\u0151l kifel\u00e9!\" \/>\n<meta property=\"og:url\" content=\"https:\/\/beeward.buzz\/pl\/blog\/twoi-koledzy-nadal-sa-zainteresowani-twoja-praca-ale-niekoniecznie-w-sposob-ktory-lubisz\/\" \/>\n<meta property=\"og:site_name\" content=\"Beeward\" \/>\n<meta property=\"article:publisher\" content=\"https:\/\/www.facebook.com\/beeward.buzz\" \/>\n<meta property=\"article:published_time\" content=\"2025-04-28T19:30:24+00:00\" \/>\n<meta property=\"article:modified_time\" content=\"2025-04-30T05:26:47+00:00\" \/>\n<meta property=\"og:image\" content=\"https:\/\/beeward.buzz\/wp-content\/uploads\/2025\/04\/munkaltatoi_marka_meh.jpg\" \/>\n\t<meta property=\"og:image:width\" content=\"1080\" \/>\n\t<meta property=\"og:image:height\" content=\"1080\" \/>\n\t<meta property=\"og:image:type\" content=\"image\/jpeg\" \/>\n<meta name=\"author\" content=\"Lovas M\u00e1t\u00e9\" \/>\n<meta name=\"twitter:card\" content=\"summary_large_image\" \/>\n<meta name=\"twitter:label1\" content=\"Napisane przez\" \/>\n\t<meta name=\"twitter:data1\" content=\"Lovas M\u00e1t\u00e9\" \/>\n\t<meta name=\"twitter:label2\" content=\"Szacowany czas czytania\" \/>\n\t<meta name=\"twitter:data2\" content=\"2 minuty\" \/>\n<script type=\"application\/ld+json\" class=\"yoast-schema-graph\">{\"@context\":\"https:\\\/\\\/schema.org\",\"@graph\":[{\"@type\":\"Article\",\"@id\":\"https:\\\/\\\/beeward.buzz\\\/blog\\\/a-kollegaid-mar-epitik-a-munkaltatoi-markadat-csak-nem-biztos-hogy-ugy-ahogy-szeretned\\\/#article\",\"isPartOf\":{\"@id\":\"https:\\\/\\\/beeward.buzz\\\/blog\\\/a-kollegaid-mar-epitik-a-munkaltatoi-markadat-csak-nem-biztos-hogy-ugy-ahogy-szeretned\\\/\"},\"author\":{\"name\":\"Lovas M\u00e1t\u00e9\",\"@id\":\"https:\\\/\\\/beeward.buzz\\\/#\\\/schema\\\/person\\\/c0959e623b449025e9fc4100559cfa19\"},\"headline\":\"A koll\u00e9g\u00e1id m\u00e1r \u00e9p\u00edtik a munk\u00e1ltat\u00f3i m\u00e1rk\u00e1dat \u2013 csak nem biztos, hogy \u00fagy, ahogy szeretn\u00e9d\",\"datePublished\":\"2025-04-28T19:30:24+00:00\",\"dateModified\":\"2025-04-30T05:26:47+00:00\",\"mainEntityOfPage\":{\"@id\":\"https:\\\/\\\/beeward.buzz\\\/blog\\\/a-kollegaid-mar-epitik-a-munkaltatoi-markadat-csak-nem-biztos-hogy-ugy-ahogy-szeretned\\\/\"},\"wordCount\":512,\"publisher\":{\"@id\":\"https:\\\/\\\/beeward.buzz\\\/#organization\"},\"image\":{\"@id\":\"https:\\\/\\\/beeward.buzz\\\/blog\\\/a-kollegaid-mar-epitik-a-munkaltatoi-markadat-csak-nem-biztos-hogy-ugy-ahogy-szeretned\\\/#primaryimage\"},\"thumbnailUrl\":\"https:\\\/\\\/beeward.buzz\\\/wp-content\\\/uploads\\\/2025\\\/04\\\/munkaltatoi_marka_meh.jpg\",\"keywords\":[\"eduk\u00e1ci\u00f3\",\"employer branding\",\"munk\u00e1ltat\u00f3i m\u00e1rka\",\"vezet\u00e9s\"],\"articleSection\":[\"Elk\u00f6telez\u0151d\u00e9s\",\"Motiv\u00e1ci\u00f3\",\"Munk\u00e1ltat\u00f3i m\u00e1rka\"],\"inLanguage\":\"pl-PL\"},{\"@type\":\"WebPage\",\"@id\":\"https:\\\/\\\/beeward.buzz\\\/blog\\\/a-kollegaid-mar-epitik-a-munkaltatoi-markadat-csak-nem-biztos-hogy-ugy-ahogy-szeretned\\\/\",\"url\":\"https:\\\/\\\/beeward.buzz\\\/blog\\\/a-kollegaid-mar-epitik-a-munkaltatoi-markadat-csak-nem-biztos-hogy-ugy-ahogy-szeretned\\\/\",\"name\":\"A koll\u00e9g\u00e1id m\u00e1r \u00e9p\u00edtik a munk\u00e1ltat\u00f3i m\u00e1rk\u00e1dat \u2013 csak nem biztos, hogy \u00fagy, ahogy szeretn\u00e9d - Beeward\",\"isPartOf\":{\"@id\":\"https:\\\/\\\/beeward.buzz\\\/#website\"},\"primaryImageOfPage\":{\"@id\":\"https:\\\/\\\/beeward.buzz\\\/blog\\\/a-kollegaid-mar-epitik-a-munkaltatoi-markadat-csak-nem-biztos-hogy-ugy-ahogy-szeretned\\\/#primaryimage\"},\"image\":{\"@id\":\"https:\\\/\\\/beeward.buzz\\\/blog\\\/a-kollegaid-mar-epitik-a-munkaltatoi-markadat-csak-nem-biztos-hogy-ugy-ahogy-szeretned\\\/#primaryimage\"},\"thumbnailUrl\":\"https:\\\/\\\/beeward.buzz\\\/wp-content\\\/uploads\\\/2025\\\/04\\\/munkaltatoi_marka_meh.jpg\",\"datePublished\":\"2025-04-28T19:30:24+00:00\",\"dateModified\":\"2025-04-30T05:26:47+00:00\",\"description\":\"A munk\u00e1ltat\u00f3i m\u00e1rka nem kamp\u00e1ny k\u00e9rd\u00e9se. A koll\u00e9g\u00e1id minden nap \u00e9p\u00edtik \u2013 vagy rombolj\u00e1k. N\u00e9zd meg, hogyan alak\u00edthatod j\u00f3l, bel\u00fclr\u0151l kifel\u00e9!\",\"breadcrumb\":{\"@id\":\"https:\\\/\\\/beeward.buzz\\\/blog\\\/a-kollegaid-mar-epitik-a-munkaltatoi-markadat-csak-nem-biztos-hogy-ugy-ahogy-szeretned\\\/#breadcrumb\"},\"inLanguage\":\"pl-PL\",\"potentialAction\":[{\"@type\":\"ReadAction\",\"target\":[\"https:\\\/\\\/beeward.buzz\\\/blog\\\/a-kollegaid-mar-epitik-a-munkaltatoi-markadat-csak-nem-biztos-hogy-ugy-ahogy-szeretned\\\/\"]}]},{\"@type\":\"ImageObject\",\"inLanguage\":\"pl-PL\",\"@id\":\"https:\\\/\\\/beeward.buzz\\\/blog\\\/a-kollegaid-mar-epitik-a-munkaltatoi-markadat-csak-nem-biztos-hogy-ugy-ahogy-szeretned\\\/#primaryimage\",\"url\":\"https:\\\/\\\/beeward.buzz\\\/wp-content\\\/uploads\\\/2025\\\/04\\\/munkaltatoi_marka_meh.jpg\",\"contentUrl\":\"https:\\\/\\\/beeward.buzz\\\/wp-content\\\/uploads\\\/2025\\\/04\\\/munkaltatoi_marka_meh.jpg\",\"width\":1080,\"height\":1080},{\"@type\":\"BreadcrumbList\",\"@id\":\"https:\\\/\\\/beeward.buzz\\\/blog\\\/a-kollegaid-mar-epitik-a-munkaltatoi-markadat-csak-nem-biztos-hogy-ugy-ahogy-szeretned\\\/#breadcrumb\",\"itemListElement\":[{\"@type\":\"ListItem\",\"position\":1,\"name\":\"Kezd\u0151lap\",\"item\":\"https:\\\/\\\/beeward.buzz\\\/\"},{\"@type\":\"ListItem\",\"position\":2,\"name\":\"A koll\u00e9g\u00e1id m\u00e1r \u00e9p\u00edtik a munk\u00e1ltat\u00f3i m\u00e1rk\u00e1dat \u2013 csak nem biztos, hogy \u00fagy, ahogy szeretn\u00e9d\"}]},{\"@type\":\"WebSite\",\"@id\":\"https:\\\/\\\/beeward.buzz\\\/#website\",\"url\":\"https:\\\/\\\/beeward.buzz\\\/\",\"name\":\"Beeward\",\"description\":\"Jobb munkahelyi kapcsolatokat \u00e9p\u00edt\u00fcnk, elismer\u00e9s, motiv\u00e1ci\u00f3, jutalmaz\u00e1s\",\"publisher\":{\"@id\":\"https:\\\/\\\/beeward.buzz\\\/#organization\"},\"potentialAction\":[{\"@type\":\"SearchAction\",\"target\":{\"@type\":\"EntryPoint\",\"urlTemplate\":\"https:\\\/\\\/beeward.buzz\\\/?s={search_term_string}\"},\"query-input\":{\"@type\":\"PropertyValueSpecification\",\"valueRequired\":true,\"valueName\":\"search_term_string\"}}],\"inLanguage\":\"pl-PL\"},{\"@type\":\"Organization\",\"@id\":\"https:\\\/\\\/beeward.buzz\\\/#organization\",\"name\":\"Beeward\",\"url\":\"https:\\\/\\\/beeward.buzz\\\/\",\"logo\":{\"@type\":\"ImageObject\",\"inLanguage\":\"pl-PL\",\"@id\":\"https:\\\/\\\/beeward.buzz\\\/#\\\/schema\\\/logo\\\/image\\\/\",\"url\":\"https:\\\/\\\/beeward.buzz\\\/wp-content\\\/uploads\\\/2024\\\/08\\\/beeward_logo_black.svg\",\"contentUrl\":\"https:\\\/\\\/beeward.buzz\\\/wp-content\\\/uploads\\\/2024\\\/08\\\/beeward_logo_black.svg\",\"width\":130,\"height\":45,\"caption\":\"Beeward\"},\"image\":{\"@id\":\"https:\\\/\\\/beeward.buzz\\\/#\\\/schema\\\/logo\\\/image\\\/\"},\"sameAs\":[\"https:\\\/\\\/www.facebook.com\\\/beeward.buzz\",\"https:\\\/\\\/www.linkedin.com\\\/company\\\/beeward\\\/\",\"https:\\\/\\\/www.instagram.com\\\/beeward.buzz\\\/\",\"https:\\\/\\\/www.tiktok.com\\\/@beeward.buzz\"]},{\"@type\":\"Person\",\"@id\":\"https:\\\/\\\/beeward.buzz\\\/#\\\/schema\\\/person\\\/c0959e623b449025e9fc4100559cfa19\",\"name\":\"Lovas M\u00e1t\u00e9\",\"url\":\"https:\\\/\\\/beeward.buzz\\\/pl\\\/blog\\\/author\\\/lovas-mate\\\/\"}]}<\/script>\n<!-- \/ Yoast SEO plugin. -->","yoast_head_json":{"title":"Twoi wsp\u00f3\u0142pracownicy ju\u017c buduj\u0105 Twoj\u0105 mark\u0119 pracodawcy - tylko niekoniecznie w spos\u00f3b, w jaki by\u015b tego chcia\u0142 - Beeward","description":"Marka pracodawcy nie jest kwesti\u0105 kampanii. Twoi wsp\u00f3\u0142pracownicy buduj\u0105 j\u0105 - lub niszcz\u0105 - ka\u017cdego dnia. Zobacz, jak mo\u017cesz j\u0105 kszta\u0142towa\u0107 od wewn\u0105trz!","robots":{"index":"index","follow":"follow","max-snippet":"max-snippet:-1","max-image-preview":"max-image-preview:large","max-video-preview":"max-video-preview:-1"},"canonical":"https:\/\/beeward.buzz\/pl\/blog\/twoi-koledzy-nadal-sa-zainteresowani-twoja-praca-ale-niekoniecznie-w-sposob-ktory-lubisz\/","og_locale":"pl_PL","og_type":"article","og_title":"A koll\u00e9g\u00e1id m\u00e1r \u00e9p\u00edtik a munk\u00e1ltat\u00f3i m\u00e1rk\u00e1dat \u2013 csak nem biztos, hogy \u00fagy, ahogy szeretn\u00e9d - Beeward","og_description":"A munk\u00e1ltat\u00f3i m\u00e1rka nem kamp\u00e1ny k\u00e9rd\u00e9se. A koll\u00e9g\u00e1id minden nap \u00e9p\u00edtik \u2013 vagy rombolj\u00e1k. N\u00e9zd meg, hogyan alak\u00edthatod j\u00f3l, bel\u00fclr\u0151l kifel\u00e9!","og_url":"https:\/\/beeward.buzz\/pl\/blog\/twoi-koledzy-nadal-sa-zainteresowani-twoja-praca-ale-niekoniecznie-w-sposob-ktory-lubisz\/","og_site_name":"Beeward","article_publisher":"https:\/\/www.facebook.com\/beeward.buzz","article_published_time":"2025-04-28T19:30:24+00:00","article_modified_time":"2025-04-30T05:26:47+00:00","og_image":[{"width":1080,"height":1080,"url":"https:\/\/beeward.buzz\/wp-content\/uploads\/2025\/04\/munkaltatoi_marka_meh.jpg","type":"image\/jpeg"}],"author":"Lovas M\u00e1t\u00e9","twitter_card":"summary_large_image","twitter_misc":{"Napisane przez":"Lovas M\u00e1t\u00e9","Szacowany czas czytania":"2 minuty"},"schema":{"@context":"https:\/\/schema.org","@graph":[{"@type":"Article","@id":"https:\/\/beeward.buzz\/blog\/a-kollegaid-mar-epitik-a-munkaltatoi-markadat-csak-nem-biztos-hogy-ugy-ahogy-szeretned\/#article","isPartOf":{"@id":"https:\/\/beeward.buzz\/blog\/a-kollegaid-mar-epitik-a-munkaltatoi-markadat-csak-nem-biztos-hogy-ugy-ahogy-szeretned\/"},"author":{"name":"Lovas M\u00e1t\u00e9","@id":"https:\/\/beeward.buzz\/#\/schema\/person\/c0959e623b449025e9fc4100559cfa19"},"headline":"A koll\u00e9g\u00e1id m\u00e1r \u00e9p\u00edtik a munk\u00e1ltat\u00f3i m\u00e1rk\u00e1dat \u2013 csak nem biztos, hogy \u00fagy, ahogy szeretn\u00e9d","datePublished":"2025-04-28T19:30:24+00:00","dateModified":"2025-04-30T05:26:47+00:00","mainEntityOfPage":{"@id":"https:\/\/beeward.buzz\/blog\/a-kollegaid-mar-epitik-a-munkaltatoi-markadat-csak-nem-biztos-hogy-ugy-ahogy-szeretned\/"},"wordCount":512,"publisher":{"@id":"https:\/\/beeward.buzz\/#organization"},"image":{"@id":"https:\/\/beeward.buzz\/blog\/a-kollegaid-mar-epitik-a-munkaltatoi-markadat-csak-nem-biztos-hogy-ugy-ahogy-szeretned\/#primaryimage"},"thumbnailUrl":"https:\/\/beeward.buzz\/wp-content\/uploads\/2025\/04\/munkaltatoi_marka_meh.jpg","keywords":["eduk\u00e1ci\u00f3","employer branding","munk\u00e1ltat\u00f3i m\u00e1rka","vezet\u00e9s"],"articleSection":["Elk\u00f6telez\u0151d\u00e9s","Motiv\u00e1ci\u00f3","Munk\u00e1ltat\u00f3i m\u00e1rka"],"inLanguage":"pl-PL"},{"@type":"WebPage","@id":"https:\/\/beeward.buzz\/blog\/a-kollegaid-mar-epitik-a-munkaltatoi-markadat-csak-nem-biztos-hogy-ugy-ahogy-szeretned\/","url":"https:\/\/beeward.buzz\/blog\/a-kollegaid-mar-epitik-a-munkaltatoi-markadat-csak-nem-biztos-hogy-ugy-ahogy-szeretned\/","name":"Twoi wsp\u00f3\u0142pracownicy ju\u017c buduj\u0105 Twoj\u0105 mark\u0119 pracodawcy - tylko niekoniecznie w spos\u00f3b, w jaki by\u015b tego chcia\u0142 - Beeward","isPartOf":{"@id":"https:\/\/beeward.buzz\/#website"},"primaryImageOfPage":{"@id":"https:\/\/beeward.buzz\/blog\/a-kollegaid-mar-epitik-a-munkaltatoi-markadat-csak-nem-biztos-hogy-ugy-ahogy-szeretned\/#primaryimage"},"image":{"@id":"https:\/\/beeward.buzz\/blog\/a-kollegaid-mar-epitik-a-munkaltatoi-markadat-csak-nem-biztos-hogy-ugy-ahogy-szeretned\/#primaryimage"},"thumbnailUrl":"https:\/\/beeward.buzz\/wp-content\/uploads\/2025\/04\/munkaltatoi_marka_meh.jpg","datePublished":"2025-04-28T19:30:24+00:00","dateModified":"2025-04-30T05:26:47+00:00","description":"Marka pracodawcy nie jest kwesti\u0105 kampanii. Twoi wsp\u00f3\u0142pracownicy buduj\u0105 j\u0105 - lub niszcz\u0105 - ka\u017cdego dnia. Zobacz, jak mo\u017cesz j\u0105 kszta\u0142towa\u0107 od wewn\u0105trz!","breadcrumb":{"@id":"https:\/\/beeward.buzz\/blog\/a-kollegaid-mar-epitik-a-munkaltatoi-markadat-csak-nem-biztos-hogy-ugy-ahogy-szeretned\/#breadcrumb"},"inLanguage":"pl-PL","potentialAction":[{"@type":"ReadAction","target":["https:\/\/beeward.buzz\/blog\/a-kollegaid-mar-epitik-a-munkaltatoi-markadat-csak-nem-biztos-hogy-ugy-ahogy-szeretned\/"]}]},{"@type":"ImageObject","inLanguage":"pl-PL","@id":"https:\/\/beeward.buzz\/blog\/a-kollegaid-mar-epitik-a-munkaltatoi-markadat-csak-nem-biztos-hogy-ugy-ahogy-szeretned\/#primaryimage","url":"https:\/\/beeward.buzz\/wp-content\/uploads\/2025\/04\/munkaltatoi_marka_meh.jpg","contentUrl":"https:\/\/beeward.buzz\/wp-content\/uploads\/2025\/04\/munkaltatoi_marka_meh.jpg","width":1080,"height":1080},{"@type":"BreadcrumbList","@id":"https:\/\/beeward.buzz\/blog\/a-kollegaid-mar-epitik-a-munkaltatoi-markadat-csak-nem-biztos-hogy-ugy-ahogy-szeretned\/#breadcrumb","itemListElement":[{"@type":"ListItem","position":1,"name":"Kezd\u0151lap","item":"https:\/\/beeward.buzz\/"},{"@type":"ListItem","position":2,"name":"A koll\u00e9g\u00e1id m\u00e1r \u00e9p\u00edtik a munk\u00e1ltat\u00f3i m\u00e1rk\u00e1dat \u2013 csak nem biztos, hogy \u00fagy, ahogy szeretn\u00e9d"}]},{"@type":"WebSite","@id":"https:\/\/beeward.buzz\/#website","url":"https:\/\/beeward.buzz\/","name":"Beeward","description":"Budowanie lepszych relacji w miejscu pracy, uznanie, motywacja, nagrody","publisher":{"@id":"https:\/\/beeward.buzz\/#organization"},"potentialAction":[{"@type":"SearchAction","target":{"@type":"EntryPoint","urlTemplate":"https:\/\/beeward.buzz\/?s={search_term_string}"},"query-input":{"@type":"PropertyValueSpecification","valueRequired":true,"valueName":"search_term_string"}}],"inLanguage":"pl-PL"},{"@type":"Organization","@id":"https:\/\/beeward.buzz\/#organization","name":"Beeward","url":"https:\/\/beeward.buzz\/","logo":{"@type":"ImageObject","inLanguage":"pl-PL","@id":"https:\/\/beeward.buzz\/#\/schema\/logo\/image\/","url":"https:\/\/beeward.buzz\/wp-content\/uploads\/2024\/08\/beeward_logo_black.svg","contentUrl":"https:\/\/beeward.buzz\/wp-content\/uploads\/2024\/08\/beeward_logo_black.svg","width":130,"height":45,"caption":"Beeward"},"image":{"@id":"https:\/\/beeward.buzz\/#\/schema\/logo\/image\/"},"sameAs":["https:\/\/www.facebook.com\/beeward.buzz","https:\/\/www.linkedin.com\/company\/beeward\/","https:\/\/www.instagram.com\/beeward.buzz\/","https:\/\/www.tiktok.com\/@beeward.buzz"]},{"@type":"Person","@id":"https:\/\/beeward.buzz\/#\/schema\/person\/c0959e623b449025e9fc4100559cfa19","name":"M\u00e1t\u00e9 Je\u017adziec","url":"https:\/\/beeward.buzz\/pl\/blog\/author\/lovas-mate\/"}]}},"_links":{"self":[{"href":"https:\/\/beeward.buzz\/pl\/wp-json\/wp\/v2\/posts\/7990","targetHints":{"allow":["GET"]}}],"collection":[{"href":"https:\/\/beeward.buzz\/pl\/wp-json\/wp\/v2\/posts"}],"about":[{"href":"https:\/\/beeward.buzz\/pl\/wp-json\/wp\/v2\/types\/post"}],"author":[{"embeddable":true,"href":"https:\/\/beeward.buzz\/pl\/wp-json\/wp\/v2\/users\/3"}],"replies":[{"embeddable":true,"href":"https:\/\/beeward.buzz\/pl\/wp-json\/wp\/v2\/comments?post=7990"}],"version-history":[{"count":0,"href":"https:\/\/beeward.buzz\/pl\/wp-json\/wp\/v2\/posts\/7990\/revisions"}],"wp:featuredmedia":[{"embeddable":true,"href":"https:\/\/beeward.buzz\/pl\/wp-json\/wp\/v2\/media\/7993"}],"wp:attachment":[{"href":"https:\/\/beeward.buzz\/pl\/wp-json\/wp\/v2\/media?parent=7990"}],"wp:term":[{"taxonomy":"category","embeddable":true,"href":"https:\/\/beeward.buzz\/pl\/wp-json\/wp\/v2\/categories?post=7990"},{"taxonomy":"post_tag","embeddable":true,"href":"https:\/\/beeward.buzz\/pl\/wp-json\/wp\/v2\/tags?post=7990"}],"curies":[{"name":"wp","href":"https:\/\/api.w.org\/{rel}","templated":true}]}}